{"id":647,"date":"2019-02-16T18:54:57","date_gmt":"2019-02-16T17:54:57","guid":{"rendered":"https:\/\/aidasac.info\/?p=647"},"modified":"2019-02-21T11:22:03","modified_gmt":"2019-02-21T10:22:03","slug":"dois-je-booster-mon-mac-book-pro","status":"publish","type":"post","link":"https:\/\/aidasac.info\/index.php\/2019\/02\/16\/dois-je-booster-mon-mac-book-pro\/","title":{"rendered":"Dois-je  booster mon Mac Book pro?"},"content":{"rendered":"\n<p>J&rsquo;ai un Mac Book pro de 2011 , et j&rsquo;aimerais bien profiter des derniers Mac OS. Est-ce possible ? Combien \u00e7a co\u00fbte?<\/p>\n\n\n\n<p>Ce sont les questions que m&rsquo;a pos\u00e9es un client qui avait donc un Mac Book pro de 2011 avec sa configuration d&rsquo;origine : disque dur de 250 Go et 4 Go de Ram et qui avait install\u00e9 High Sierra sur ce Mac. <\/p>\n\n\n\n<p>R\u00e9sultat ? Regardez cette <a href=\"https:\/\/www.youtube.com\/watch?v=iEGFAnFEIws&amp;t=26s\">vid\u00e9o.<\/a>(et soyez patient&#8230;)<\/p>\n\n\n\n<p>Je lui ai propos\u00e9 de remplacer son disque dur de 250 Go par un SSD de 500 Go et sa Ram (m\u00e9moire) de 4 Go par 16 Go.<\/p>\n\n\n\n<p>R\u00e9sultat ? Regardez cette <a href=\"https:\/\/www.youtube.com\/watch?v=MVyMKKGYWfo\">vid\u00e9o.<\/a><\/p>\n\n\n\n<p>Le temps de consultation d&rsquo;un site apr\u00e8s le d\u00e9marrage du Mac est divis\u00e9 par 5.<\/p>\n\n\n\n<p>Le prix ? Environ 300\u20ac pi\u00e8ces et main d\u2019\u0153uvre.<\/p>\n\n\n\n<p><br><\/p>\n","protected":false},"excerpt":{"rendered":"<p>J&rsquo;ai un Mac Book pro de 2011 , et j&rsquo;aimerais bien profiter des derniers Mac OS. Est-ce possible ? Combien \u00e7a co\u00fbte? Ce sont les questions que m&rsquo;a pos\u00e9es un client qui avait donc un Mac Book pro de 2011 avec sa configuration d&rsquo;origine : disque dur de 250 Go<a href=\"https:\/\/aidasac.info\/index.php\/2019\/02\/16\/dois-je-booster-mon-mac-book-pro\/\" class=\"read-more\">Read More<\/a><\/p>\n","protected":false},"author":1,"featured_media":649,"comment_status":"open","ping_status":"open","sticky":false,"template":"","format":"standard","meta":{"footnotes":""},"categories":[4],"tags":[],"class_list":["post-647","post","type-post","status-publish","format-standard","has-post-thumbnail","hentry","category-informatique"],"yoast_head":"<!-- This site is optimized with the Yoast SEO plugin v25.8 - https:\/\/yoast.com\/wordpress\/plugins\/seo\/ -->\n<title>Dois-je booster mon Mac Book pro? - Web@ssistance 84<\/title>\n<meta name=\"description\" content=\"Comment booster son vieux Mac Book Pro de 2011 pour qu&#039;il puisse fonctionner correctement sous Mac OS High Sierra. SSD + RAM.\" \/>\n<meta name=\"robots\" content=\"index, follow, max-snippet:-1, max-image-preview:large, max-video-preview:-1\" \/>\n<link rel=\"canonical\" href=\"https:\/\/aidasac.info\/index.php\/2019\/02\/16\/dois-je-booster-mon-mac-book-pro\/\" \/>\n<meta property=\"og:locale\" content=\"fr_FR\" \/>\n<meta property=\"og:type\" content=\"article\" \/>\n<meta property=\"og:title\" content=\"Dois-je booster mon Mac Book pro? - Web@ssistance 84\" \/>\n<meta property=\"og:description\" content=\"Comment booster son vieux Mac Book Pro de 2011 pour qu&#039;il puisse fonctionner correctement sous Mac OS High Sierra. SSD + RAM.\" \/>\n<meta property=\"og:url\" content=\"https:\/\/aidasac.info\/index.php\/2019\/02\/16\/dois-je-booster-mon-mac-book-pro\/\" \/>\n<meta property=\"og:site_name\" content=\"Web@ssistance 84\" \/>\n<meta property=\"article:publisher\" content=\"https:\/\/www.facebook.com\/webassistance84\/\" \/>\n<meta property=\"article:published_time\" content=\"2019-02-16T17:54:57+00:00\" \/>\n<meta property=\"article:modified_time\" content=\"2019-02-21T10:22:03+00:00\" \/>\n<meta property=\"og:image\" content=\"https:\/\/aidasac.info\/wp-content\/uploads\/2019\/02\/computer-problem-152211_1280.png\" \/>\n\t<meta property=\"og:image:width\" content=\"1280\" \/>\n\t<meta property=\"og:image:height\" content=\"828\" \/>\n\t<meta property=\"og:image:type\" content=\"image\/png\" \/>\n<meta name=\"author\" content=\"admin5048\" \/>\n<meta name=\"twitter:card\" content=\"summary_large_image\" \/>\n<meta name=\"twitter:label1\" content=\"\u00c9crit par\" \/>\n\t<meta name=\"twitter:data1\" content=\"admin5048\" \/>\n\t<meta name=\"twitter:label2\" content=\"Dur\u00e9e de lecture estim\u00e9e\" \/>\n\t<meta name=\"twitter:data2\" content=\"1 minute\" \/>\n<script type=\"application\/ld+json\" class=\"yoast-schema-graph\">{\"@context\":\"https:\/\/schema.org\",\"@graph\":[{\"@type\":\"Article\",\"@id\":\"https:\/\/aidasac.info\/index.php\/2019\/02\/16\/dois-je-booster-mon-mac-book-pro\/#article\",\"isPartOf\":{\"@id\":\"https:\/\/aidasac.info\/index.php\/2019\/02\/16\/dois-je-booster-mon-mac-book-pro\/\"},\"author\":{\"name\":\"admin5048\",\"@id\":\"https:\/\/aidasac.info\/#\/schema\/person\/3b18fd7e90be42f3e54e79652479157d\"},\"headline\":\"Dois-je booster mon Mac Book pro?\",\"datePublished\":\"2019-02-16T17:54:57+00:00\",\"dateModified\":\"2019-02-21T10:22:03+00:00\",\"mainEntityOfPage\":{\"@id\":\"https:\/\/aidasac.info\/index.php\/2019\/02\/16\/dois-je-booster-mon-mac-book-pro\/\"},\"wordCount\":135,\"commentCount\":0,\"publisher\":{\"@id\":\"https:\/\/aidasac.info\/#organization\"},\"image\":{\"@id\":\"https:\/\/aidasac.info\/index.php\/2019\/02\/16\/dois-je-booster-mon-mac-book-pro\/#primaryimage\"},\"thumbnailUrl\":\"https:\/\/aidasac.info\/wp-content\/uploads\/2019\/02\/computer-problem-152211_1280.png\",\"articleSection\":[\"Informatique\"],\"inLanguage\":\"fr-FR\",\"potentialAction\":[{\"@type\":\"CommentAction\",\"name\":\"Comment\",\"target\":[\"https:\/\/aidasac.info\/index.php\/2019\/02\/16\/dois-je-booster-mon-mac-book-pro\/#respond\"]}]},{\"@type\":\"WebPage\",\"@id\":\"https:\/\/aidasac.info\/index.php\/2019\/02\/16\/dois-je-booster-mon-mac-book-pro\/\",\"url\":\"https:\/\/aidasac.info\/index.php\/2019\/02\/16\/dois-je-booster-mon-mac-book-pro\/\",\"name\":\"Dois-je booster mon Mac Book pro? - Web@ssistance 84\",\"isPartOf\":{\"@id\":\"https:\/\/aidasac.info\/#website\"},\"primaryImageOfPage\":{\"@id\":\"https:\/\/aidasac.info\/index.php\/2019\/02\/16\/dois-je-booster-mon-mac-book-pro\/#primaryimage\"},\"image\":{\"@id\":\"https:\/\/aidasac.info\/index.php\/2019\/02\/16\/dois-je-booster-mon-mac-book-pro\/#primaryimage\"},\"thumbnailUrl\":\"https:\/\/aidasac.info\/wp-content\/uploads\/2019\/02\/computer-problem-152211_1280.png\",\"datePublished\":\"2019-02-16T17:54:57+00:00\",\"dateModified\":\"2019-02-21T10:22:03+00:00\",\"description\":\"Comment booster son vieux Mac Book Pro de 2011 pour qu'il puisse fonctionner correctement sous Mac OS High Sierra. SSD + RAM.\",\"breadcrumb\":{\"@id\":\"https:\/\/aidasac.info\/index.php\/2019\/02\/16\/dois-je-booster-mon-mac-book-pro\/#breadcrumb\"},\"inLanguage\":\"fr-FR\",\"potentialAction\":[{\"@type\":\"ReadAction\",\"target\":[\"https:\/\/aidasac.info\/index.php\/2019\/02\/16\/dois-je-booster-mon-mac-book-pro\/\"]}]},{\"@type\":\"ImageObject\",\"inLanguage\":\"fr-FR\",\"@id\":\"https:\/\/aidasac.info\/index.php\/2019\/02\/16\/dois-je-booster-mon-mac-book-pro\/#primaryimage\",\"url\":\"https:\/\/aidasac.info\/wp-content\/uploads\/2019\/02\/computer-problem-152211_1280.png\",\"contentUrl\":\"https:\/\/aidasac.info\/wp-content\/uploads\/2019\/02\/computer-problem-152211_1280.png\",\"width\":1280,\"height\":828},{\"@type\":\"BreadcrumbList\",\"@id\":\"https:\/\/aidasac.info\/index.php\/2019\/02\/16\/dois-je-booster-mon-mac-book-pro\/#breadcrumb\",\"itemListElement\":[{\"@type\":\"ListItem\",\"position\":1,\"name\":\"Accueil\",\"item\":\"https:\/\/aidasac.info\/\"},{\"@type\":\"ListItem\",\"position\":2,\"name\":\"Dois-je booster mon Mac Book pro?\"}]},{\"@type\":\"WebSite\",\"@id\":\"https:\/\/aidasac.info\/#website\",\"url\":\"https:\/\/aidasac.info\/\",\"name\":\"Web@ssistance 84\",\"description\":\"Assistance et formation informatique, cr\u00e9ation de sites internet en Vaucluse\",\"publisher\":{\"@id\":\"https:\/\/aidasac.info\/#organization\"},\"potentialAction\":[{\"@type\":\"SearchAction\",\"target\":{\"@type\":\"EntryPoint\",\"urlTemplate\":\"https:\/\/aidasac.info\/?s={search_term_string}\"},\"query-input\":{\"@type\":\"PropertyValueSpecification\",\"valueRequired\":true,\"valueName\":\"search_term_string\"}}],\"inLanguage\":\"fr-FR\"},{\"@type\":\"Organization\",\"@id\":\"https:\/\/aidasac.info\/#organization\",\"name\":\"Web@ssistance 84\",\"url\":\"https:\/\/aidasac.info\/\",\"logo\":{\"@type\":\"ImageObject\",\"inLanguage\":\"fr-FR\",\"@id\":\"https:\/\/aidasac.info\/#\/schema\/logo\/image\/\",\"url\":\"https:\/\/aidasac.info\/wp-content\/uploads\/2017\/09\/cropped-logo_pc_croix_rouge_6-2.png\",\"contentUrl\":\"https:\/\/aidasac.info\/wp-content\/uploads\/2017\/09\/cropped-logo_pc_croix_rouge_6-2.png\",\"width\":512,\"height\":512,\"caption\":\"Web@ssistance 84\"},\"image\":{\"@id\":\"https:\/\/aidasac.info\/#\/schema\/logo\/image\/\"},\"sameAs\":[\"https:\/\/www.facebook.com\/webassistance84\/\"]},{\"@type\":\"Person\",\"@id\":\"https:\/\/aidasac.info\/#\/schema\/person\/3b18fd7e90be42f3e54e79652479157d\",\"name\":\"admin5048\",\"image\":{\"@type\":\"ImageObject\",\"inLanguage\":\"fr-FR\",\"@id\":\"https:\/\/aidasac.info\/#\/schema\/person\/image\/\",\"url\":\"https:\/\/secure.gravatar.com\/avatar\/04af045a14d3a8df73a33d2c95fef86a?s=96&d=mm&r=g\",\"contentUrl\":\"https:\/\/secure.gravatar.com\/avatar\/04af045a14d3a8df73a33d2c95fef86a?s=96&d=mm&r=g\",\"caption\":\"admin5048\"}}]}<\/script>\n<!-- \/ Yoast SEO plugin. -->","yoast_head_json":{"title":"Dois-je booster mon Mac Book pro? - Web@ssistance 84","description":"Comment booster son vieux Mac Book Pro de 2011 pour qu'il puisse fonctionner correctement sous Mac OS High Sierra. SSD + RAM.","robots":{"index":"index","follow":"follow","max-snippet":"max-snippet:-1","max-image-preview":"max-image-preview:large","max-video-preview":"max-video-preview:-1"},"canonical":"https:\/\/aidasac.info\/index.php\/2019\/02\/16\/dois-je-booster-mon-mac-book-pro\/","og_locale":"fr_FR","og_type":"article","og_title":"Dois-je booster mon Mac Book pro? - Web@ssistance 84","og_description":"Comment booster son vieux Mac Book Pro de 2011 pour qu'il puisse fonctionner correctement sous Mac OS High Sierra. SSD + RAM.","og_url":"https:\/\/aidasac.info\/index.php\/2019\/02\/16\/dois-je-booster-mon-mac-book-pro\/","og_site_name":"Web@ssistance 84","article_publisher":"https:\/\/www.facebook.com\/webassistance84\/","article_published_time":"2019-02-16T17:54:57+00:00","article_modified_time":"2019-02-21T10:22:03+00:00","og_image":[{"width":1280,"height":828,"url":"https:\/\/aidasac.info\/wp-content\/uploads\/2019\/02\/computer-problem-152211_1280.png","type":"image\/png"}],"author":"admin5048","twitter_card":"summary_large_image","twitter_misc":{"\u00c9crit par":"admin5048","Dur\u00e9e de lecture estim\u00e9e":"1 minute"},"schema":{"@context":"https:\/\/schema.org","@graph":[{"@type":"Article","@id":"https:\/\/aidasac.info\/index.php\/2019\/02\/16\/dois-je-booster-mon-mac-book-pro\/#article","isPartOf":{"@id":"https:\/\/aidasac.info\/index.php\/2019\/02\/16\/dois-je-booster-mon-mac-book-pro\/"},"author":{"name":"admin5048","@id":"https:\/\/aidasac.info\/#\/schema\/person\/3b18fd7e90be42f3e54e79652479157d"},"headline":"Dois-je booster mon Mac Book pro?","datePublished":"2019-02-16T17:54:57+00:00","dateModified":"2019-02-21T10:22:03+00:00","mainEntityOfPage":{"@id":"https:\/\/aidasac.info\/index.php\/2019\/02\/16\/dois-je-booster-mon-mac-book-pro\/"},"wordCount":135,"commentCount":0,"publisher":{"@id":"https:\/\/aidasac.info\/#organization"},"image":{"@id":"https:\/\/aidasac.info\/index.php\/2019\/02\/16\/dois-je-booster-mon-mac-book-pro\/#primaryimage"},"thumbnailUrl":"https:\/\/aidasac.info\/wp-content\/uploads\/2019\/02\/computer-problem-152211_1280.png","articleSection":["Informatique"],"inLanguage":"fr-FR","potentialAction":[{"@type":"CommentAction","name":"Comment","target":["https:\/\/aidasac.info\/index.php\/2019\/02\/16\/dois-je-booster-mon-mac-book-pro\/#respond"]}]},{"@type":"WebPage","@id":"https:\/\/aidasac.info\/index.php\/2019\/02\/16\/dois-je-booster-mon-mac-book-pro\/","url":"https:\/\/aidasac.info\/index.php\/2019\/02\/16\/dois-je-booster-mon-mac-book-pro\/","name":"Dois-je booster mon Mac Book pro? - Web@ssistance 84","isPartOf":{"@id":"https:\/\/aidasac.info\/#website"},"primaryImageOfPage":{"@id":"https:\/\/aidasac.info\/index.php\/2019\/02\/16\/dois-je-booster-mon-mac-book-pro\/#primaryimage"},"image":{"@id":"https:\/\/aidasac.info\/index.php\/2019\/02\/16\/dois-je-booster-mon-mac-book-pro\/#primaryimage"},"thumbnailUrl":"https:\/\/aidasac.info\/wp-content\/uploads\/2019\/02\/computer-problem-152211_1280.png","datePublished":"2019-02-16T17:54:57+00:00","dateModified":"2019-02-21T10:22:03+00:00","description":"Comment booster son vieux Mac Book Pro de 2011 pour qu'il puisse fonctionner correctement sous Mac OS High Sierra. SSD + RAM.","breadcrumb":{"@id":"https:\/\/aidasac.info\/index.php\/2019\/02\/16\/dois-je-booster-mon-mac-book-pro\/#breadcrumb"},"inLanguage":"fr-FR","potentialAction":[{"@type":"ReadAction","target":["https:\/\/aidasac.info\/index.php\/2019\/02\/16\/dois-je-booster-mon-mac-book-pro\/"]}]},{"@type":"ImageObject","inLanguage":"fr-FR","@id":"https:\/\/aidasac.info\/index.php\/2019\/02\/16\/dois-je-booster-mon-mac-book-pro\/#primaryimage","url":"https:\/\/aidasac.info\/wp-content\/uploads\/2019\/02\/computer-problem-152211_1280.png","contentUrl":"https:\/\/aidasac.info\/wp-content\/uploads\/2019\/02\/computer-problem-152211_1280.png","width":1280,"height":828},{"@type":"BreadcrumbList","@id":"https:\/\/aidasac.info\/index.php\/2019\/02\/16\/dois-je-booster-mon-mac-book-pro\/#breadcrumb","itemListElement":[{"@type":"ListItem","position":1,"name":"Accueil","item":"https:\/\/aidasac.info\/"},{"@type":"ListItem","position":2,"name":"Dois-je booster mon Mac Book pro?"}]},{"@type":"WebSite","@id":"https:\/\/aidasac.info\/#website","url":"https:\/\/aidasac.info\/","name":"Web@ssistance 84","description":"Assistance et formation informatique, cr\u00e9ation de sites internet en Vaucluse","publisher":{"@id":"https:\/\/aidasac.info\/#organization"},"potentialAction":[{"@type":"SearchAction","target":{"@type":"EntryPoint","urlTemplate":"https:\/\/aidasac.info\/?s={search_term_string}"},"query-input":{"@type":"PropertyValueSpecification","valueRequired":true,"valueName":"search_term_string"}}],"inLanguage":"fr-FR"},{"@type":"Organization","@id":"https:\/\/aidasac.info\/#organization","name":"Web@ssistance 84","url":"https:\/\/aidasac.info\/","logo":{"@type":"ImageObject","inLanguage":"fr-FR","@id":"https:\/\/aidasac.info\/#\/schema\/logo\/image\/","url":"https:\/\/aidasac.info\/wp-content\/uploads\/2017\/09\/cropped-logo_pc_croix_rouge_6-2.png","contentUrl":"https:\/\/aidasac.info\/wp-content\/uploads\/2017\/09\/cropped-logo_pc_croix_rouge_6-2.png","width":512,"height":512,"caption":"Web@ssistance 84"},"image":{"@id":"https:\/\/aidasac.info\/#\/schema\/logo\/image\/"},"sameAs":["https:\/\/www.facebook.com\/webassistance84\/"]},{"@type":"Person","@id":"https:\/\/aidasac.info\/#\/schema\/person\/3b18fd7e90be42f3e54e79652479157d","name":"admin5048","image":{"@type":"ImageObject","inLanguage":"fr-FR","@id":"https:\/\/aidasac.info\/#\/schema\/person\/image\/","url":"https:\/\/secure.gravatar.com\/avatar\/04af045a14d3a8df73a33d2c95fef86a?s=96&d=mm&r=g","contentUrl":"https:\/\/secure.gravatar.com\/avatar\/04af045a14d3a8df73a33d2c95fef86a?s=96&d=mm&r=g","caption":"admin5048"}}]}},"_links":{"self":[{"href":"https:\/\/aidasac.info\/index.php\/wp-json\/wp\/v2\/posts\/647","targetHints":{"allow":["GET"]}}],"collection":[{"href":"https:\/\/aidasac.info\/index.php\/wp-json\/wp\/v2\/posts"}],"about":[{"href":"https:\/\/aidasac.info\/index.php\/wp-json\/wp\/v2\/types\/post"}],"author":[{"embeddable":true,"href":"https:\/\/aidasac.info\/index.php\/wp-json\/wp\/v2\/users\/1"}],"replies":[{"embeddable":true,"href":"https:\/\/aidasac.info\/index.php\/wp-json\/wp\/v2\/comments?post=647"}],"version-history":[{"count":3,"href":"https:\/\/aidasac.info\/index.php\/wp-json\/wp\/v2\/posts\/647\/revisions"}],"predecessor-version":[{"id":654,"href":"https:\/\/aidasac.info\/index.php\/wp-json\/wp\/v2\/posts\/647\/revisions\/654"}],"wp:featuredmedia":[{"embeddable":true,"href":"https:\/\/aidasac.info\/index.php\/wp-json\/wp\/v2\/media\/649"}],"wp:attachment":[{"href":"https:\/\/aidasac.info\/index.php\/wp-json\/wp\/v2\/media?parent=647"}],"wp:term":[{"taxonomy":"category","embeddable":true,"href":"https:\/\/aidasac.info\/index.php\/wp-json\/wp\/v2\/categories?post=647"},{"taxonomy":"post_tag","embeddable":true,"href":"https:\/\/aidasac.info\/index.php\/wp-json\/wp\/v2\/tags?post=647"}],"curies":[{"name":"wp","href":"https:\/\/api.w.org\/{rel}","templated":true}]}}